{"id":467,"date":"2024-07-08T16:50:42","date_gmt":"2024-07-08T14:50:42","guid":{"rendered":"https:\/\/semelesoleil-photographie.com\/?p=467"},"modified":"2025-05-27T14:24:56","modified_gmt":"2025-05-27T12:24:56","slug":"seance-photo-couple-saint-malo","status":"publish","type":"post","link":"https:\/\/semelesoleil-photographie.com\/index.php\/2024\/07\/08\/seance-photo-couple-saint-malo\/","title":{"rendered":"S\u00e9ance photo d&rsquo;un couple sur Saint-Malo"},"content":{"rendered":"\n<h2 class=\"wp-block-heading has-text-color has-link-color has-small-font-size wp-elements-d5258198d2de7950bc35df407409e4f1\" style=\"color:#7a6a5a\">Inspiration photo en amoureux<\/h2>\n\n\n\n<p class=\"has-text-color has-link-color wp-elements-3356133bb2227e5e20c4bed6528460eb\" style=\"color:#7a6a5a\">Le bassin malouin est riche de nombreuses plages, criques et falaises. Ce paysage incontournable de la C\u00f4te d&rsquo;\u00c9meraude m&rsquo;offre la possibilit\u00e9 de shooter les s\u00e9ances dans des endroits magnifiques.<\/p>\n\n\n\n<figure class=\"wp-block-image size-large\"><img fetchpriority=\"high\" decoding=\"async\" width=\"1024\" height=\"683\" src=\"https:\/\/semelesoleil-photographie.com\/wp-content\/uploads\/2024\/07\/DSC_0431-1024x683.jpg\" alt=\"\" class=\"wp-image-471\" srcset=\"https:\/\/semelesoleil-photographie.com\/wp-content\/uploads\/2024\/07\/DSC_0431-1024x683.jpg 1024w, https:\/\/semelesoleil-photographie.com\/wp-content\/uploads\/2024\/07\/DSC_0431-300x200.jpg 300w, https:\/\/semelesoleil-photographie.com\/wp-content\/uploads\/2024\/07\/DSC_0431-768x512.jpg 768w, https:\/\/semelesoleil-photographie.com\/wp-content\/uploads\/2024\/07\/DSC_0431-1536x1024.jpg 1536w, https:\/\/semelesoleil-photographie.com\/wp-content\/uploads\/2024\/07\/DSC_0431-2048x1365.jpg 2048w, https:\/\/semelesoleil-photographie.com\/wp-content\/uploads\/2024\/07\/DSC_0431-500x333.jpg 500w, https:\/\/semelesoleil-photographie.com\/wp-content\/uploads\/2024\/07\/DSC_0431-800x533.jpg 800w, https:\/\/semelesoleil-photographie.com\/wp-content\/uploads\/2024\/07\/DSC_0431-1280x853.jpg 1280w, https:\/\/semelesoleil-photographie.com\/wp-content\/uploads\/2024\/07\/DSC_0431-1920x1280.jpg 1920w\" sizes=\"(max-width: 1024px) 100vw, 1024px\" \/><\/figure>\n\n\n\n<p class=\"has-text-color has-link-color wp-elements-f6b5497f65dd0b8026e5443b342b98f2\" style=\"color:#7a6a5a\">Malory et Maxime, jeunes trentenaires amoureux, m&rsquo;ont laiss\u00e9 les guider pour une s\u00e9ance nich\u00e9e sur la Pointe de la Varde, \u00e0 Saint-Malo, au coucher du soleil. J&rsquo;affectionne particuli\u00e8rement ce lieu alliant la beaut\u00e9 des herbes folles aux vagues qui fouettent les rochers escarp\u00e9s.<\/p>\n\n\n\n<figure class=\"wp-block-image size-large\"><img decoding=\"async\" width=\"1024\" height=\"683\" src=\"http:\/\/semelesoleil-photographie.com\/wp-content\/uploads\/2024\/07\/DSC_0468-1024x683.jpg\" alt=\"Photo Saint-Malo en couple\" class=\"wp-image-469\" srcset=\"https:\/\/semelesoleil-photographie.com\/wp-content\/uploads\/2024\/07\/DSC_0468-1024x683.jpg 1024w, https:\/\/semelesoleil-photographie.com\/wp-content\/uploads\/2024\/07\/DSC_0468-300x200.jpg 300w, https:\/\/semelesoleil-photographie.com\/wp-content\/uploads\/2024\/07\/DSC_0468-768x512.jpg 768w, https:\/\/semelesoleil-photographie.com\/wp-content\/uploads\/2024\/07\/DSC_0468-1536x1024.jpg 1536w, https:\/\/semelesoleil-photographie.com\/wp-content\/uploads\/2024\/07\/DSC_0468-2048x1365.jpg 2048w, https:\/\/semelesoleil-photographie.com\/wp-content\/uploads\/2024\/07\/DSC_0468-500x333.jpg 500w, https:\/\/semelesoleil-photographie.com\/wp-content\/uploads\/2024\/07\/DSC_0468-800x533.jpg 800w, https:\/\/semelesoleil-photographie.com\/wp-content\/uploads\/2024\/07\/DSC_0468-1280x853.jpg 1280w, https:\/\/semelesoleil-photographie.com\/wp-content\/uploads\/2024\/07\/DSC_0468-1920x1280.jpg 1920w\" sizes=\"(max-width: 1024px) 100vw, 1024px\" \/><\/figure>\n\n\n\n<h2 class=\"wp-block-heading has-text-color has-link-color has-small-font-size wp-elements-fd61e45960cff42f5aba0655c5e9e309\" style=\"color:#7a6a5a\">D\u00e9roul\u00e9 de la prise de vue au coucher du soleil<\/h2>\n\n\n\n<p class=\"has-text-color has-link-color wp-elements-de1167f92b38745737ad02ebf8dd3d1c\" style=\"color:#7a6a5a\">Nous nous sommes donn\u00e9 rendez-vous 1h avant le coucher du soleil. Le temps de profiter pleinement d&rsquo;une promenade revigorante au gr\u00e9 de leur \u00e9clat de rire. <\/p>\n\n\n\n<p class=\"has-text-color has-link-color wp-elements-c58e8fdb859b9558fc6c8c88c06bb410\" style=\"color:#7a6a5a\">J&rsquo;aime particuli\u00e8rement les reportages photos en action, comme ici. Le mouvement permet d&rsquo;ajouter de la po\u00e9sie et rend les sentiments plus intenses. Les cheveux au vent et le regard perdu vers l&rsquo;horizon.<\/p>\n\n\n\n<figure class=\"wp-block-image size-large\"><img decoding=\"async\" width=\"1024\" height=\"683\" src=\"http:\/\/semelesoleil-photographie.com\/wp-content\/uploads\/2024\/06\/balade-bord-de-mer-1-1024x683.jpg\" alt=\"\" class=\"wp-image-177\" srcset=\"https:\/\/semelesoleil-photographie.com\/wp-content\/uploads\/2024\/06\/balade-bord-de-mer-1-1024x683.jpg 1024w, https:\/\/semelesoleil-photographie.com\/wp-content\/uploads\/2024\/06\/balade-bord-de-mer-1-300x200.jpg 300w, https:\/\/semelesoleil-photographie.com\/wp-content\/uploads\/2024\/06\/balade-bord-de-mer-1-768x512.jpg 768w, https:\/\/semelesoleil-photographie.com\/wp-content\/uploads\/2024\/06\/balade-bord-de-mer-1-1536x1024.jpg 1536w, https:\/\/semelesoleil-photographie.com\/wp-content\/uploads\/2024\/06\/balade-bord-de-mer-1-2048x1365.jpg 2048w\" sizes=\"(max-width: 1024px) 100vw, 1024px\" \/><\/figure>\n\n\n\n<p class=\"has-text-color has-link-color wp-elements-8810ba1b051e2be4d936ccc1d9353431\" style=\"color:#7a6a5a\">Cette exp\u00e9rience est une premi\u00e8re pour eux. Ils m&rsquo;expriment rapidement leur angoisse concernant le fait de \u00ab\u00a0ne pas savoir poser sur les photos\u00a0\u00bb. Je les rassure imm\u00e9diatement, je ne souhaite pas les faire poser. Je souhaite voir leur lien si intense par le regard de mon objectif. C&rsquo;est mon r\u00f4le de les mettre \u00e0 l&rsquo;aise et qu&rsquo;ils oublient l&rsquo;appareil photo pour se concentrer sur l&rsquo;essentiel : passer un bon moment.<\/p>\n\n\n\n<p class=\"has-text-color has-link-color wp-elements-1b7235c661ba8cf07699b61025690fab\" style=\"color:#7a6a5a\">Pendant l&rsquo;heure pass\u00e9e ensemble, ils me racontent leur histoire, leurs parcours de vie et leurs futurs projets. <br>D&rsquo;une grande complicit\u00e9, ils appr\u00e9cient ce doux moment. Malory et Maxime m&rsquo;expliquent ne pas connaitre cet endroit pourtant \u00e0 quelques centaines de m\u00e8tres de leur travail. <br>Ils habitent dans une commune en ext\u00e9rieur de la ville et ils ne pensent pas \u00e0 venir s&rsquo;y promener lorsqu&rsquo;ils ont du temps libre. <\/p>\n\n\n\n<p class=\"has-text-color has-link-color wp-elements-b1f9817790bd883cc3b4e7a9b2736a6b\" style=\"color:#7a6a5a\">Ils se font la promesse d&rsquo;y revenir, en couple, en famille ou entre amis. Pourquoi pas \u00e0 l&rsquo;occasion d&rsquo;une prochaine s\u00e9ance photo ?<\/p>\n\n\n\n<style id=\"bwg-style-0\">      #bwg_container1_0 #bwg_container2_0 #bwg_mosaic_thumbnails_div_0 {        width: 100%;        position: relative;        background-color: rgba(255, 255, 255, 0.00);        text-align: center;        justify-content: center;                  margin-left: auto;          margin-right: auto;                    padding-left: 2px;          padding-top: 2px;                }          #bwg_container1_0 #bwg_container2_0 .bwg_mosaic_thumb_spun_0 {        display: block;        position: absolute;\t\t\t\tborder-radius: 0;\t\t\t\tborder: 0px none #CCCCCC;    \t\t    \t\tbackground-color:rgba(0,0,0, 0.30);        -moz-box-sizing: content-box !important;        -webkit-box-sizing: content-box !important;        box-sizing: content-box !important;      }\t\t\t#bwg_container1_0 #bwg_container2_0 .bwg_mosaic_thumb_0 {\t\t\t\tdisplay: block;\t\t\t\t-moz-box-sizing: content-box !important;\t\t\t\t-webkit-box-sizing: content-box !important;\t\t\t\tbox-sizing: content-box !important;\t\t\t\tmargin: 0;\t\t\t\topacity: 1.00;\t\t\t}      #bwg_container1_0 #bwg_container2_0 .bwg_mosaic_thumb_spun_0:hover {        opacity: 1;        backface-visibility: hidden;        -webkit-backface-visibility: hidden;        -moz-backface-visibility: hidden;        -ms-backface-visibility: hidden;        z-index: 102;      }\t     @media only screen and (min-width: 480px) {\t\t#bwg_container1_0 #bwg_container2_0 .bwg-container-0.bwg-mosaic-thumbnails .bwg-item0 img {\t\t\t-webkit-transition: -webkit-transform .3s; transition: transform .3s;\t\t}\t\t#bwg_container1_0 #bwg_container2_0 .bwg-container-0.bwg-mosaic-thumbnails .bwg-item0 img:hover {\t\t\t-ms-transform: scale(1.08);\t\t\t-webkit-transform: scale(1.08);\t\t\ttransform: scale(1.08);\t\t}\t\t      }\t      #bwg_container1_0 #bwg_container2_0 .bwg_mosaic_thumbnails_0 {        background-color: rgba(255, 255, 255, 0.00);        font-size: 0;        position: relative;        text-align: center;        display: inline-block;        visibility: hidden;              }\t  \/*image title styles*\/      #bwg_container1_0 #bwg_container2_0 .bwg_mosaic_title_spun1_0,      #bwg_container1_0 #bwg_container2_0 .bwg-mosaic-thumbnails .bwg_ecommerce_spun1_0 {        position: absolute;        display: block;        opacity: 0;        box-sizing: border-box;        text-align: center;\t\t\t\ttop: 50%;\t\t\t\tleft: 50%;\t\t\t\ttransform: translate(-50%, -50%);      }      #bwg_container1_0 #bwg_container2_0 .bwg-mosaic-thumbnails .bwg_mosaic_title_spun2_0,      #bwg_container1_0 #bwg_container2_0 .bwg-mosaic-thumbnails .bwg_ecommerce_spun2_0 {\t\t    color: #323A45;        font-family: Ubuntu;        font-size: 16px;        font-weight: bold;        text-shadow: ;        vertical-align: middle;        word-wrap: break-word;      }            .bwg_mosaic_play_icon_spun_0 {        display: table;        position: absolute;        left: -10000px;        top: 0px;        opacity: 0;      }      .bwg_mosaic_play_icon_0 {        color: #323A45;        font-size: 32px;        vertical-align: middle;        display: table-cell !important;        z-index: 1;        text-align: center;        margin: 0 auto;      }      #bwg_container1_0 #bwg_container2_0 .bwg_gal_title_0 {        background-color: rgba(0, 0, 0, 0);        color: #323A45;        display: block;        font-family: Ubuntu;        font-size: 16px;        font-weight: bold;        padding: 2px;        text-shadow: ;        text-align: center;      }            @media screen and (max-width: 600px) {      div[class^=\"bwg_mosaic_thumbnails_\"],      span[class^=\"bwg_mosaic_thumb_spun_\"] {      width: 100% !important;      }      img[class^=\"bwg_mosaic_thumb_\"] {      width: 100% !important;      height: auto !important;      margin: 0px auto !important;      }      }      <\/style>    <div id=\"bwg_container1_0\"         class=\"bwg_container bwg_thumbnail bwg_thumbnails_mosaic \"         data-right-click-protection=\"0\"         data-bwg=\"0\"         data-scroll=\"0\"         data-gallery-type=\"thumbnails_mosaic\"         data-gallery-view-type=\"thumbnails_mosaic\"         data-current-url=\"\/index.php\/wp-json\/wp\/v2\/posts\/467\"         data-lightbox-url=\"https:\/\/semelesoleil-photographie.com\/wp-admin\/admin-ajax.php?action=GalleryBox&#038;current_view=0&#038;gallery_id=3&#038;tag=0&#038;theme_id=1&#038;shortcode_id=11&#038;sort_by=order&#038;order_by=asc&#038;current_url=%2Findex.php%2Fwp-json%2Fwp%2Fv2%2Fposts%2F467\"         data-gallery-id=\"3\"         data-popup-width=\"800\"         data-popup-height=\"500\"         data-is-album=\"gallery\"         data-buttons-position=\"bottom\">      <div id=\"bwg_container2_0\">             <div id=\"ajax_loading_0\" class=\"bwg_loading_div_1\">      <div class=\"bwg_loading_div_2\">        <div class=\"bwg_loading_div_3\">          <div id=\"loading_div_0\" class=\"bwg_spider_ajax_loading\">          <\/div>        <\/div>      <\/div>    <\/div>            <form id=\"gal_front_form_0\"              class=\"bwg-hidden\"              method=\"post\"              action=\"#\"              data-current=\"0\"              data-shortcode-id=\"11\"              data-gallery-type=\"thumbnails_mosaic\"              data-gallery-id=\"3\"              data-tag=\"0\"              data-album-id=\"0\"              data-theme-id=\"1\"              data-ajax-url=\"https:\/\/semelesoleil-photographie.com\/wp-admin\/admin-ajax.php?action=bwg_frontend_data\">          <div id=\"bwg_container3_0\" class=\"bwg-background bwg-background-0\">                <div id=\"bwg_mosaic_thumbnails_div_0\"         class=\"bwg-container-0 bwg-container bwg-mosaic-thumbnails\"         data-bwg=\"0\"         data-mosaic-direction=\"vertical\"         data-resizable=\"0\"         data-width=\"500\"         data-height=\"500\"         data-total-width=\"100\"         data-block-id=\"bwg_thumbnails_mosaic_0\"         data-thumb-padding=\"2\"         data-thumb-border=\"0\"         data-title-margin=\"2px\"         data-image-title=\"none\"         data-play-icon=\"1\"         data-ecommerce-icon=\"none\"         data-gallery-id=\"3\"         data-lightbox-url=\"https:\/\/semelesoleil-photographie.com\/wp-admin\/admin-ajax.php?action=GalleryBox&#038;current_view=0&#038;gallery_id=3&#038;tag=0&#038;theme_id=1&#038;shortcode_id=11&#038;sort_by=order&#038;order_by=asc&#038;current_url=%2Findex.php%2Fwp-json%2Fwp%2Fv2%2Fposts%2F467\"         data-mosaic-thumb-transition=\"1\"         style=\"visibility: hidden\" >      <div id=\"bwg_thumbnails_mosaic_0\" class=\"bwg_mosaic_thumbnails_0\">                  <a class=\"bwg-a\" >          <div class=\"bwg_mosaic_thumb_spun_0 bwg-item0 bwg-mosaic-thumb-span \">            <img decoding=\"async\" class=\"bwg_mosaic_thumb_0 skip-lazy bwg_img_clear bwg_img_custom \"                 id=\"27\"                 src=\"https:\/\/semelesoleil-photographie.com\/wp-content\/uploads\/photo-gallery\/thumb\/DSC_0860.jpg?bwg=1720357069\"                 data-src=\"https:\/\/semelesoleil-photographie.com\/wp-content\/uploads\/photo-gallery\/thumb\/DSC_0860.jpg?bwg=1720357069\"                 data-width=\"500.00\"                 data-height=\"333.00\"                 alt=\"\"                 title=\"\" \/>                      <\/div>        <\/a>                <a class=\"bwg-a\" >          <div class=\"bwg_mosaic_thumb_spun_0 bwg-item0 bwg-mosaic-thumb-span \">            <img decoding=\"async\" class=\"bwg_mosaic_thumb_0 skip-lazy bwg_img_clear bwg_img_custom \"                 id=\"28\"                 src=\"https:\/\/semelesoleil-photographie.com\/wp-content\/uploads\/photo-gallery\/thumb\/DSC_0858.jpg?bwg=1720357069\"                 data-src=\"https:\/\/semelesoleil-photographie.com\/wp-content\/uploads\/photo-gallery\/thumb\/DSC_0858.jpg?bwg=1720357069\"                 data-width=\"500.00\"                 data-height=\"333.00\"                 alt=\"\"                 title=\"\" \/>                      <\/div>        <\/a>                <a class=\"bwg-a\" >          <div class=\"bwg_mosaic_thumb_spun_0 bwg-item0 bwg-mosaic-thumb-span \">            <img decoding=\"async\" class=\"bwg_mosaic_thumb_0 skip-lazy bwg_img_clear bwg_img_custom \"                 id=\"29\"                 src=\"https:\/\/semelesoleil-photographie.com\/wp-content\/uploads\/photo-gallery\/thumb\/DSC_0824.jpg?bwg=1720357069\"                 data-src=\"https:\/\/semelesoleil-photographie.com\/wp-content\/uploads\/photo-gallery\/thumb\/DSC_0824.jpg?bwg=1720357069\"                 data-width=\"333.00\"                 data-height=\"500.00\"                 alt=\"\"                 title=\"\" \/>                      <\/div>        <\/a>                <a class=\"bwg-a\" >          <div class=\"bwg_mosaic_thumb_spun_0 bwg-item0 bwg-mosaic-thumb-span \">            <img decoding=\"async\" class=\"bwg_mosaic_thumb_0 skip-lazy bwg_img_clear bwg_img_custom \"                 id=\"30\"                 src=\"https:\/\/semelesoleil-photographie.com\/wp-content\/uploads\/photo-gallery\/thumb\/DSC_0746.jpg?bwg=1720357069\"                 data-src=\"https:\/\/semelesoleil-photographie.com\/wp-content\/uploads\/photo-gallery\/thumb\/DSC_0746.jpg?bwg=1720357069\"                 data-width=\"500.00\"                 data-height=\"333.00\"                 alt=\"\"                 title=\"\" \/>                      <\/div>        <\/a>                <a class=\"bwg-a\" >          <div class=\"bwg_mosaic_thumb_spun_0 bwg-item0 bwg-mosaic-thumb-span \">            <img decoding=\"async\" class=\"bwg_mosaic_thumb_0 skip-lazy bwg_img_clear bwg_img_custom \"                 id=\"31\"                 src=\"https:\/\/semelesoleil-photographie.com\/wp-content\/uploads\/photo-gallery\/thumb\/DSC_0763.jpg?bwg=1720357069\"                 data-src=\"https:\/\/semelesoleil-photographie.com\/wp-content\/uploads\/photo-gallery\/thumb\/DSC_0763.jpg?bwg=1720357069\"                 data-width=\"500.00\"                 data-height=\"333.00\"                 alt=\"\"                 title=\"\" \/>                      <\/div>        <\/a>                <a class=\"bwg-a\" >          <div class=\"bwg_mosaic_thumb_spun_0 bwg-item0 bwg-mosaic-thumb-span \">            <img decoding=\"async\" class=\"bwg_mosaic_thumb_0 skip-lazy bwg_img_clear bwg_img_custom \"                 id=\"68\"                 src=\"https:\/\/semelesoleil-photographie.com\/wp-content\/uploads\/photo-gallery\/thumb\/DSC_0481.jpg?bwg=1720377271\"                 data-src=\"https:\/\/semelesoleil-photographie.com\/wp-content\/uploads\/photo-gallery\/thumb\/DSC_0481.jpg?bwg=1720377271\"                 data-width=\"500.00\"                 data-height=\"333.00\"                 alt=\"\"                 title=\"\" \/>                      <\/div>        <\/a>                <a class=\"bwg-a\" >          <div class=\"bwg_mosaic_thumb_spun_0 bwg-item0 bwg-mosaic-thumb-span \">            <img decoding=\"async\" class=\"bwg_mosaic_thumb_0 skip-lazy bwg_img_clear bwg_img_custom \"                 id=\"32\"                 src=\"https:\/\/semelesoleil-photographie.com\/wp-content\/uploads\/photo-gallery\/thumb\/DSC_0738.jpg?bwg=1720357069\"                 data-src=\"https:\/\/semelesoleil-photographie.com\/wp-content\/uploads\/photo-gallery\/thumb\/DSC_0738.jpg?bwg=1720357069\"                 data-width=\"500.00\"                 data-height=\"333.00\"                 alt=\"\"                 title=\"\" \/>                      <\/div>        <\/a>                <a class=\"bwg-a\" >          <div class=\"bwg_mosaic_thumb_spun_0 bwg-item0 bwg-mosaic-thumb-span \">            <img decoding=\"async\" class=\"bwg_mosaic_thumb_0 skip-lazy bwg_img_clear bwg_img_custom \"                 id=\"33\"                 src=\"https:\/\/semelesoleil-photographie.com\/wp-content\/uploads\/photo-gallery\/thumb\/DSC_0561.jpg?bwg=1720357069\"                 data-src=\"https:\/\/semelesoleil-photographie.com\/wp-content\/uploads\/photo-gallery\/thumb\/DSC_0561.jpg?bwg=1720357069\"                 data-width=\"333.00\"                 data-height=\"500.00\"                 alt=\"\"                 title=\"\" \/>                      <\/div>        <\/a>                <a class=\"bwg-a\" >          <div class=\"bwg_mosaic_thumb_spun_0 bwg-item0 bwg-mosaic-thumb-span \">            <img decoding=\"async\" class=\"bwg_mosaic_thumb_0 skip-lazy bwg_img_clear bwg_img_custom \"                 id=\"35\"                 src=\"https:\/\/semelesoleil-photographie.com\/wp-content\/uploads\/photo-gallery\/thumb\/DSC_0586.jpg?bwg=1720357069\"                 data-src=\"https:\/\/semelesoleil-photographie.com\/wp-content\/uploads\/photo-gallery\/thumb\/DSC_0586.jpg?bwg=1720357069\"                 data-width=\"500.00\"                 data-height=\"333.00\"                 alt=\"\"                 title=\"\" \/>                      <\/div>        <\/a>                <a class=\"bwg-a\" >          <div class=\"bwg_mosaic_thumb_spun_0 bwg-item0 bwg-mosaic-thumb-span \">            <img decoding=\"async\" class=\"bwg_mosaic_thumb_0 skip-lazy bwg_img_clear bwg_img_custom \"                 id=\"36\"                 src=\"https:\/\/semelesoleil-photographie.com\/wp-content\/uploads\/photo-gallery\/thumb\/DSC_0603.jpg?bwg=1720357069\"                 data-src=\"https:\/\/semelesoleil-photographie.com\/wp-content\/uploads\/photo-gallery\/thumb\/DSC_0603.jpg?bwg=1720357069\"                 data-width=\"500.00\"                 data-height=\"333.00\"                 alt=\"\"                 title=\"\" \/>                      <\/div>        <\/a>                <a class=\"bwg-a\" >          <div class=\"bwg_mosaic_thumb_spun_0 bwg-item0 bwg-mosaic-thumb-span \">            <img decoding=\"async\" class=\"bwg_mosaic_thumb_0 skip-lazy bwg_img_clear bwg_img_custom \"                 id=\"37\"                 src=\"https:\/\/semelesoleil-photographie.com\/wp-content\/uploads\/photo-gallery\/thumb\/DSC_0673.jpg?bwg=1720357069\"                 data-src=\"https:\/\/semelesoleil-photographie.com\/wp-content\/uploads\/photo-gallery\/thumb\/DSC_0673.jpg?bwg=1720357069\"                 data-width=\"500.00\"                 data-height=\"333.00\"                 alt=\"\"                 title=\"\" \/>                      <\/div>        <\/a>                <a class=\"bwg-a\" >          <div class=\"bwg_mosaic_thumb_spun_0 bwg-item0 bwg-mosaic-thumb-span \">            <img decoding=\"async\" class=\"bwg_mosaic_thumb_0 skip-lazy bwg_img_clear bwg_img_custom \"                 id=\"38\"                 src=\"https:\/\/semelesoleil-photographie.com\/wp-content\/uploads\/photo-gallery\/thumb\/DSC_0375.jpg?bwg=1720357069\"                 data-src=\"https:\/\/semelesoleil-photographie.com\/wp-content\/uploads\/photo-gallery\/thumb\/DSC_0375.jpg?bwg=1720357069\"                 data-width=\"500.00\"                 data-height=\"333.00\"                 alt=\"\"                 title=\"\" \/>                      <\/div>        <\/a>            <\/div>    <\/div>    <style>      \/*pagination styles*\/      #bwg_container1_0 #bwg_container2_0 .tablenav-pages_0 {\t\t\t\ttext-align: center;\t\t\t\tfont-size: 12px;\t\t\t\tfont-family: Ubuntu;\t\t\t\tfont-weight: bold;\t\t\t\tcolor: #666666;\t\t\t\tmargin: 6px 0 4px;\t\t\t\tdisplay: block;      }      @media only screen and (max-width : 320px) {      #bwg_container1_0 #bwg_container2_0 .displaying-num_0 {     \t display: none;      }      }      #bwg_container1_0 #bwg_container2_0 .displaying-num_0 {\t\t\t\tfont-size: 12px;\t\t\t\tfont-family: Ubuntu;\t\t\t\tfont-weight: bold;\t\t\t\tcolor: #666666;\t\t\t\tmargin-right: 10px;\t\t\t\tvertical-align: middle;      }      #bwg_container1_0 #bwg_container2_0 .paging-input_0 {\t\t\t\tfont-size: 12px;\t\t\t\tfont-family: Ubuntu;\t\t\t\tfont-weight: bold;\t\t\t\tcolor: #666666;\t\t\t\tvertical-align: middle;      }      #bwg_container1_0 #bwg_container2_0 .tablenav-pages_0 a.disabled,      #bwg_container1_0 #bwg_container2_0 .tablenav-pages_0 a.disabled:hover,      #bwg_container1_0 #bwg_container2_0 .tablenav-pages_0 a.disabled:focus,\t\t\t#bwg_container1_0 #bwg_container2_0 .tablenav-pages_0 input.bwg_current_page {\t\t\t\tcursor: default;\t\t\t\tcolor: rgba(102, 102, 102, 0.5);      }      #bwg_container1_0 #bwg_container2_0 .tablenav-pages_0 a,      #bwg_container1_0 #bwg_container2_0 .tablenav-pages_0 input.bwg_current_page {\t\t\t\tcursor: pointer;\t\t\t\ttext-align: center;\t\t\t\tfont-size: 12px;\t\t\t\tfont-family: Ubuntu;\t\t\t\tfont-weight: bold;\t\t\t\tcolor: #666666;\t\t\t\ttext-decoration: none;\t\t\t\tpadding: 3px 6px;\t\t\t\tmargin: 0;\t\t\t\tborder-radius: 0;\t\t\t\tborder-style: solid;\t\t\t\tborder-width: 1px;\t\t\t\tborder-color: #E3E3E3;\t\t\t\t\t\t\t\tbackground-color: rgba(255, 255, 255, 1.00);\t\t\t\tbox-shadow: 0;\t\t\t\ttransition: all 0.3s ease 0s;-webkit-transition: all 0.3s ease 0s;      }      <\/style>      <span class=\"bwg_nav_cont_0\">              <div class=\"tablenav-pages_0\">                  <\/div>                <input type=\"hidden\" id=\"page_number_0\" name=\"page_number_0\" value=\"1\" \/>      <script type=\"text\/javascript\">        if( jQuery('.bwg_nav_cont_0').length > 1 ) {          jQuery('.bwg_nav_cont_0').first().remove()        }        function spider_page_0(cur, x, y, load_more) {          if (typeof load_more == \"undefined\") {            var load_more = false;          }          if (jQuery(cur).hasClass('disabled')) {            return false;          }          var items_county_0 = 1;          switch (y) {            case 1:              if (x >= items_county_0) {                document.getElementById('page_number_0').value = items_county_0;              }              else {                document.getElementById('page_number_0').value = x + 1;              }              break;            case 2:              document.getElementById('page_number_0').value = items_county_0;              break;            case -1:              if (x == 1) {                document.getElementById('page_number_0').value = 1;              }              else {                document.getElementById('page_number_0').value = x - 1;              }              break;            case -2:              document.getElementById('page_number_0').value = 1;              break;\t\t\t\t\t\tcase 0:              document.getElementById('page_number_0').value = x;              break;            default:              document.getElementById('page_number_0').value = 1;          }          bwg_ajax('gal_front_form_0', '0', 'bwg_thumbnails_mosaic_0', '0', '', 'gallery', 0, '', '', load_more, '', 1);        }                    jQuery('.first-page-0').on('click', function () {              spider_page_0(this, 1, -2, 'numeric');              return false;            });            jQuery('.prev-page-0').on('click', function () {              spider_page_0(this, 1, -1, 'numeric');              return false;            });            jQuery('.next-page-0').on('click', function () {              spider_page_0(this, 1, 1, 'numeric');              return false;            });            jQuery('.last-page-0').on('click', function () {              spider_page_0(this, 1, 2, 'numeric');              return false;            });        \t\t\t\t\/* Change page on input enter. *\/        function bwg_change_page_0( e, that ) {          if (  e.key == 'Enter' ) {            var to_page = parseInt(jQuery(that).val());            var pages_count = jQuery(that).parents(\".pagination-links\").data(\"pages-count\");            var current_url_param = jQuery(that).attr('data-url-info');            if (to_page > pages_count) {              to_page = 1;            }\t \t\t\t\t\t\t\t\t\t\t\t\tspider_page_0(this, to_page, 0, 'numeric');\t\t\t\t\t\t\treturn false;\t\t\t\t\t\t          }          return true;        }        jQuery('.bwg_load_btn_0').on('click', function () {            spider_page_0(this, 1, 1, true);            return false;        });      <\/script>      <\/span>                <\/div>        <\/form>              <\/div>    <\/div>    <script>      if (document.readyState === 'complete') {        if( typeof bwg_main_ready == 'function' ) {          if ( jQuery(\"#bwg_container1_0\").height() ) {            bwg_main_ready(jQuery(\"#bwg_container1_0\"));          }        }      } else {        document.addEventListener('DOMContentLoaded', function() {          if( typeof bwg_main_ready == 'function' ) {            if ( jQuery(\"#bwg_container1_0\").height() ) {             bwg_main_ready(jQuery(\"#bwg_container1_0\"));            }          }        });      }    <\/script>    \n\n\n\n<p class=\"has-text-align-left has-text-color has-link-color wp-elements-0465086ae4c91ad73aa062aae1860f12\" style=\"color:#7a6a5a\">Le t\u00e9moignage de Malory suite \u00e0 la s\u00e9ance photo avec son amoureux :<\/p>\n\n\n\n<blockquote class=\"wp-block-quote has-text-align-left has-text-color has-link-color wp-elements-e1a3d6707712b0421cc7a06b375baeb4 is-layout-flow wp-block-quote-is-layout-flow\" style=\"color:#7a6a5a\">\n<p class=\"has-text-align-center has-text-color has-link-color wp-elements-d9b325a88fe2d0465227f42fb02945c0\" style=\"color:#7a6a5a\"><em>C\u2019\u00e9tait vraiment g\u00e9nial, on a ador\u00e9 tous les deux, merci pour ce chouette moment !<\/em><\/p>\n<cite>S\u00c9ANCE LIFESTYLE EN COUPLE \u2013 MALORY<\/cite><\/blockquote>\n\n\n\n<p class=\"has-text-color has-link-color wp-elements-57203d783697aa38788b554a5a725094\" style=\"color:#7a6a5a\">Vous h\u00e9sitez encore \u00e0 tenter cette exp\u00e9rience ? Contactez-moi pour en discuter. <br>Et souvenez-vous que les instants les plus pr\u00e9cieux \u00e0 notre coeur sont nos souvenirs.<\/p>\n\n\n\n<div class=\"wp-block-buttons is-content-justification-center is-layout-flex wp-container-core-buttons-is-layout-16018d1d wp-block-buttons-is-layout-flex\">\n<div class=\"wp-block-button is-style-outline is-style-outline--1\"><a class=\"wp-block-button__link wp-element-button\" href=\"https:\/\/semelesoleil-photographie.com\/index.php\/contact\/\">Je saute le pas !<\/a><\/div>\n<\/div>\n","protected":false},"excerpt":{"rendered":"<p>Inspiration photo en amoureux Le bassin malouin est riche de nombreuses plages, criques et falaises. Ce paysage incontournable de la C\u00f4te d&rsquo;\u00c9meraude m&rsquo;offre la possibilit\u00e9 de shooter les s\u00e9ances dans des endroits magnifiques. Malory et Maxime, jeunes trentenaires amoureux, m&rsquo;ont laiss\u00e9 les guider pour une s\u00e9ance nich\u00e9e sur la Pointe de la Varde, \u00e0 Saint-Malo, [&hellip;]<\/p>\n","protected":false},"author":1,"featured_media":473,"comment_status":"closed","ping_status":"closed","sticky":false,"template":"","format":"standard","meta":{"_monsterinsights_skip_tracking":false,"_monsterinsights_sitenote_active":false,"_monsterinsights_sitenote_note":"","_monsterinsights_sitenote_category":0,"_kadence_starter_templates_imported_post":false,"iawp_total_views":11,"two_page_speed":[],"_vp_format_video_url":"","_vp_image_focal_point":[],"footnotes":""},"categories":[7],"tags":[],"class_list":["post-467","post","type-post","status-publish","format-standard","has-post-thumbnail","hentry","category-seance-photo"],"yoast_head":"<!-- This site is optimized with the Yoast SEO plugin v27.4 - https:\/\/yoast.com\/product\/yoast-seo-wordpress\/ -->\n<title>S\u00e9ance photo d&#039;un couple sur Saint-Malo - S\u00e8me le Soleil<\/title>\n<meta name=\"description\" content=\"Revivez la s\u00e9ance photo en amoureux, sur Saint-Malo, au coucher du soleil. Venez d\u00e9couvrir le d\u00e9roul\u00e9 d&#039;une prise de vue \u2600\ufe0f\" \/>\n<meta name=\"robots\" content=\"index, follow, max-snippet:-1, max-image-preview:large, max-video-preview:-1\" \/>\n<link rel=\"canonical\" href=\"https:\/\/semelesoleil-photographie.com\/index.php\/2024\/07\/08\/seance-photo-couple-saint-malo\/\" \/>\n<meta property=\"og:locale\" content=\"fr_FR\" \/>\n<meta property=\"og:type\" content=\"article\" \/>\n<meta property=\"og:title\" content=\"S\u00e9ance photo d&#039;un couple sur Saint-Malo - S\u00e8me le Soleil\" \/>\n<meta property=\"og:description\" content=\"Revivez la s\u00e9ance photo en amoureux, sur Saint-Malo, au coucher du soleil. Venez d\u00e9couvrir le d\u00e9roul\u00e9 d&#039;une prise de vue \u2600\ufe0f\" \/>\n<meta property=\"og:url\" content=\"https:\/\/semelesoleil-photographie.com\/index.php\/2024\/07\/08\/seance-photo-couple-saint-malo\/\" \/>\n<meta property=\"og:site_name\" content=\"S\u00e8me le Soleil\" \/>\n<meta property=\"article:published_time\" content=\"2024-07-08T14:50:42+00:00\" \/>\n<meta property=\"article:modified_time\" content=\"2025-05-27T12:24:56+00:00\" \/>\n<meta property=\"og:image\" content=\"http:\/\/semelesoleil-photographie.com\/wp-content\/uploads\/2024\/07\/DSC_0868-scaled.jpg\" \/>\n\t<meta property=\"og:image:width\" content=\"2560\" \/>\n\t<meta property=\"og:image:height\" content=\"1707\" \/>\n\t<meta property=\"og:image:type\" content=\"image\/jpeg\" \/>\n<meta name=\"author\" content=\"Barbara - S\u00e8me le Soleil photographie Saint-Malo\" \/>\n<meta name=\"twitter:card\" content=\"summary_large_image\" \/>\n<meta name=\"twitter:label1\" content=\"\u00c9crit par\" \/>\n\t<meta name=\"twitter:data1\" content=\"Barbara - S\u00e8me le Soleil photographie Saint-Malo\" \/>\n\t<meta name=\"twitter:label2\" content=\"Dur\u00e9e de lecture estim\u00e9e\" \/>\n\t<meta name=\"twitter:data2\" content=\"3 minutes\" \/>\n<script type=\"application\/ld+json\" class=\"yoast-schema-graph\">{\"@context\":\"https:\\\/\\\/schema.org\",\"@graph\":[{\"@type\":\"Article\",\"@id\":\"https:\\\/\\\/semelesoleil-photographie.com\\\/index.php\\\/2024\\\/07\\\/08\\\/seance-photo-couple-saint-malo\\\/#article\",\"isPartOf\":{\"@id\":\"https:\\\/\\\/semelesoleil-photographie.com\\\/index.php\\\/2024\\\/07\\\/08\\\/seance-photo-couple-saint-malo\\\/\"},\"author\":{\"name\":\"Barbara - S\u00e8me le Soleil photographie Saint-Malo\",\"@id\":\"https:\\\/\\\/semelesoleil-photographie.com\\\/#\\\/schema\\\/person\\\/ac63ce4605869b46eab95a216e94a11c\"},\"headline\":\"S\u00e9ance photo d&rsquo;un couple sur Saint-Malo\",\"datePublished\":\"2024-07-08T14:50:42+00:00\",\"dateModified\":\"2025-05-27T12:24:56+00:00\",\"mainEntityOfPage\":{\"@id\":\"https:\\\/\\\/semelesoleil-photographie.com\\\/index.php\\\/2024\\\/07\\\/08\\\/seance-photo-couple-saint-malo\\\/\"},\"wordCount\":399,\"publisher\":{\"@id\":\"https:\\\/\\\/semelesoleil-photographie.com\\\/#organization\"},\"image\":{\"@id\":\"https:\\\/\\\/semelesoleil-photographie.com\\\/index.php\\\/2024\\\/07\\\/08\\\/seance-photo-couple-saint-malo\\\/#primaryimage\"},\"thumbnailUrl\":\"https:\\\/\\\/semelesoleil-photographie.com\\\/wp-content\\\/uploads\\\/2024\\\/07\\\/DSC_0868-scaled.jpg\",\"articleSection\":[\"S\u00e9ance photo\"],\"inLanguage\":\"fr-FR\"},{\"@type\":\"WebPage\",\"@id\":\"https:\\\/\\\/semelesoleil-photographie.com\\\/index.php\\\/2024\\\/07\\\/08\\\/seance-photo-couple-saint-malo\\\/\",\"url\":\"https:\\\/\\\/semelesoleil-photographie.com\\\/index.php\\\/2024\\\/07\\\/08\\\/seance-photo-couple-saint-malo\\\/\",\"name\":\"S\u00e9ance photo d'un couple sur Saint-Malo - S\u00e8me le Soleil\",\"isPartOf\":{\"@id\":\"https:\\\/\\\/semelesoleil-photographie.com\\\/#website\"},\"primaryImageOfPage\":{\"@id\":\"https:\\\/\\\/semelesoleil-photographie.com\\\/index.php\\\/2024\\\/07\\\/08\\\/seance-photo-couple-saint-malo\\\/#primaryimage\"},\"image\":{\"@id\":\"https:\\\/\\\/semelesoleil-photographie.com\\\/index.php\\\/2024\\\/07\\\/08\\\/seance-photo-couple-saint-malo\\\/#primaryimage\"},\"thumbnailUrl\":\"https:\\\/\\\/semelesoleil-photographie.com\\\/wp-content\\\/uploads\\\/2024\\\/07\\\/DSC_0868-scaled.jpg\",\"datePublished\":\"2024-07-08T14:50:42+00:00\",\"dateModified\":\"2025-05-27T12:24:56+00:00\",\"description\":\"Revivez la s\u00e9ance photo en amoureux, sur Saint-Malo, au coucher du soleil. Venez d\u00e9couvrir le d\u00e9roul\u00e9 d'une prise de vue \u2600\ufe0f\",\"breadcrumb\":{\"@id\":\"https:\\\/\\\/semelesoleil-photographie.com\\\/index.php\\\/2024\\\/07\\\/08\\\/seance-photo-couple-saint-malo\\\/#breadcrumb\"},\"inLanguage\":\"fr-FR\",\"potentialAction\":[{\"@type\":\"ReadAction\",\"target\":[\"https:\\\/\\\/semelesoleil-photographie.com\\\/index.php\\\/2024\\\/07\\\/08\\\/seance-photo-couple-saint-malo\\\/\"]}]},{\"@type\":\"ImageObject\",\"inLanguage\":\"fr-FR\",\"@id\":\"https:\\\/\\\/semelesoleil-photographie.com\\\/index.php\\\/2024\\\/07\\\/08\\\/seance-photo-couple-saint-malo\\\/#primaryimage\",\"url\":\"https:\\\/\\\/semelesoleil-photographie.com\\\/wp-content\\\/uploads\\\/2024\\\/07\\\/DSC_0868-scaled.jpg\",\"contentUrl\":\"https:\\\/\\\/semelesoleil-photographie.com\\\/wp-content\\\/uploads\\\/2024\\\/07\\\/DSC_0868-scaled.jpg\",\"width\":2560,\"height\":1707},{\"@type\":\"BreadcrumbList\",\"@id\":\"https:\\\/\\\/semelesoleil-photographie.com\\\/index.php\\\/2024\\\/07\\\/08\\\/seance-photo-couple-saint-malo\\\/#breadcrumb\",\"itemListElement\":[{\"@type\":\"ListItem\",\"position\":1,\"name\":\"Accueil\",\"item\":\"https:\\\/\\\/semelesoleil-photographie.com\\\/\"},{\"@type\":\"ListItem\",\"position\":2,\"name\":\"S\u00e9ance photo d&rsquo;un couple sur Saint-Malo\"}]},{\"@type\":\"WebSite\",\"@id\":\"https:\\\/\\\/semelesoleil-photographie.com\\\/#website\",\"url\":\"https:\\\/\\\/semelesoleil-photographie.com\\\/\",\"name\":\"S\u00e8me le Soleil\",\"description\":\"photographie\",\"publisher\":{\"@id\":\"https:\\\/\\\/semelesoleil-photographie.com\\\/#organization\"},\"potentialAction\":[{\"@type\":\"SearchAction\",\"target\":{\"@type\":\"EntryPoint\",\"urlTemplate\":\"https:\\\/\\\/semelesoleil-photographie.com\\\/?s={search_term_string}\"},\"query-input\":{\"@type\":\"PropertyValueSpecification\",\"valueRequired\":true,\"valueName\":\"search_term_string\"}}],\"inLanguage\":\"fr-FR\"},{\"@type\":\"Organization\",\"@id\":\"https:\\\/\\\/semelesoleil-photographie.com\\\/#organization\",\"name\":\"S\u00e8me le Soleil\",\"url\":\"https:\\\/\\\/semelesoleil-photographie.com\\\/\",\"logo\":{\"@type\":\"ImageObject\",\"inLanguage\":\"fr-FR\",\"@id\":\"https:\\\/\\\/semelesoleil-photographie.com\\\/#\\\/schema\\\/logo\\\/image\\\/\",\"url\":\"https:\\\/\\\/semelesoleil-photographie.com\\\/wp-content\\\/uploads\\\/2026\\\/01\\\/tampon-filigrane-seme-le-soleil-1.png\",\"contentUrl\":\"https:\\\/\\\/semelesoleil-photographie.com\\\/wp-content\\\/uploads\\\/2026\\\/01\\\/tampon-filigrane-seme-le-soleil-1.png\",\"width\":768,\"height\":768,\"caption\":\"S\u00e8me le Soleil\"},\"image\":{\"@id\":\"https:\\\/\\\/semelesoleil-photographie.com\\\/#\\\/schema\\\/logo\\\/image\\\/\"}},{\"@type\":\"Person\",\"@id\":\"https:\\\/\\\/semelesoleil-photographie.com\\\/#\\\/schema\\\/person\\\/ac63ce4605869b46eab95a216e94a11c\",\"name\":\"Barbara - S\u00e8me le Soleil photographie Saint-Malo\",\"image\":{\"@type\":\"ImageObject\",\"inLanguage\":\"fr-FR\",\"@id\":\"https:\\\/\\\/secure.gravatar.com\\\/avatar\\\/0517073bf7acb5d43e7f31679fc55f8f617f9c20a6e1ab8097c664e64d3550c5?s=96&d=mm&r=g\",\"url\":\"https:\\\/\\\/secure.gravatar.com\\\/avatar\\\/0517073bf7acb5d43e7f31679fc55f8f617f9c20a6e1ab8097c664e64d3550c5?s=96&d=mm&r=g\",\"contentUrl\":\"https:\\\/\\\/secure.gravatar.com\\\/avatar\\\/0517073bf7acb5d43e7f31679fc55f8f617f9c20a6e1ab8097c664e64d3550c5?s=96&d=mm&r=g\",\"caption\":\"Barbara - S\u00e8me le Soleil photographie Saint-Malo\"},\"sameAs\":[\"https:\\\/\\\/semelesoleil-photographie.com\"],\"url\":\"https:\\\/\\\/semelesoleil-photographie.com\\\/index.php\\\/author\\\/admin1781\\\/\"}]}<\/script>\n<!-- \/ Yoast SEO plugin. -->","yoast_head_json":{"title":"S\u00e9ance photo d'un couple sur Saint-Malo - S\u00e8me le Soleil","description":"Revivez la s\u00e9ance photo en amoureux, sur Saint-Malo, au coucher du soleil. Venez d\u00e9couvrir le d\u00e9roul\u00e9 d'une prise de vue \u2600\ufe0f","robots":{"index":"index","follow":"follow","max-snippet":"max-snippet:-1","max-image-preview":"max-image-preview:large","max-video-preview":"max-video-preview:-1"},"canonical":"https:\/\/semelesoleil-photographie.com\/index.php\/2024\/07\/08\/seance-photo-couple-saint-malo\/","og_locale":"fr_FR","og_type":"article","og_title":"S\u00e9ance photo d'un couple sur Saint-Malo - S\u00e8me le Soleil","og_description":"Revivez la s\u00e9ance photo en amoureux, sur Saint-Malo, au coucher du soleil. Venez d\u00e9couvrir le d\u00e9roul\u00e9 d'une prise de vue \u2600\ufe0f","og_url":"https:\/\/semelesoleil-photographie.com\/index.php\/2024\/07\/08\/seance-photo-couple-saint-malo\/","og_site_name":"S\u00e8me le Soleil","article_published_time":"2024-07-08T14:50:42+00:00","article_modified_time":"2025-05-27T12:24:56+00:00","og_image":[{"width":2560,"height":1707,"url":"http:\/\/semelesoleil-photographie.com\/wp-content\/uploads\/2024\/07\/DSC_0868-scaled.jpg","type":"image\/jpeg"}],"author":"Barbara - S\u00e8me le Soleil photographie Saint-Malo","twitter_card":"summary_large_image","twitter_misc":{"\u00c9crit par":"Barbara - S\u00e8me le Soleil photographie Saint-Malo","Dur\u00e9e de lecture estim\u00e9e":"3 minutes"},"schema":{"@context":"https:\/\/schema.org","@graph":[{"@type":"Article","@id":"https:\/\/semelesoleil-photographie.com\/index.php\/2024\/07\/08\/seance-photo-couple-saint-malo\/#article","isPartOf":{"@id":"https:\/\/semelesoleil-photographie.com\/index.php\/2024\/07\/08\/seance-photo-couple-saint-malo\/"},"author":{"name":"Barbara - S\u00e8me le Soleil photographie Saint-Malo","@id":"https:\/\/semelesoleil-photographie.com\/#\/schema\/person\/ac63ce4605869b46eab95a216e94a11c"},"headline":"S\u00e9ance photo d&rsquo;un couple sur Saint-Malo","datePublished":"2024-07-08T14:50:42+00:00","dateModified":"2025-05-27T12:24:56+00:00","mainEntityOfPage":{"@id":"https:\/\/semelesoleil-photographie.com\/index.php\/2024\/07\/08\/seance-photo-couple-saint-malo\/"},"wordCount":399,"publisher":{"@id":"https:\/\/semelesoleil-photographie.com\/#organization"},"image":{"@id":"https:\/\/semelesoleil-photographie.com\/index.php\/2024\/07\/08\/seance-photo-couple-saint-malo\/#primaryimage"},"thumbnailUrl":"https:\/\/semelesoleil-photographie.com\/wp-content\/uploads\/2024\/07\/DSC_0868-scaled.jpg","articleSection":["S\u00e9ance photo"],"inLanguage":"fr-FR"},{"@type":"WebPage","@id":"https:\/\/semelesoleil-photographie.com\/index.php\/2024\/07\/08\/seance-photo-couple-saint-malo\/","url":"https:\/\/semelesoleil-photographie.com\/index.php\/2024\/07\/08\/seance-photo-couple-saint-malo\/","name":"S\u00e9ance photo d'un couple sur Saint-Malo - S\u00e8me le Soleil","isPartOf":{"@id":"https:\/\/semelesoleil-photographie.com\/#website"},"primaryImageOfPage":{"@id":"https:\/\/semelesoleil-photographie.com\/index.php\/2024\/07\/08\/seance-photo-couple-saint-malo\/#primaryimage"},"image":{"@id":"https:\/\/semelesoleil-photographie.com\/index.php\/2024\/07\/08\/seance-photo-couple-saint-malo\/#primaryimage"},"thumbnailUrl":"https:\/\/semelesoleil-photographie.com\/wp-content\/uploads\/2024\/07\/DSC_0868-scaled.jpg","datePublished":"2024-07-08T14:50:42+00:00","dateModified":"2025-05-27T12:24:56+00:00","description":"Revivez la s\u00e9ance photo en amoureux, sur Saint-Malo, au coucher du soleil. Venez d\u00e9couvrir le d\u00e9roul\u00e9 d'une prise de vue \u2600\ufe0f","breadcrumb":{"@id":"https:\/\/semelesoleil-photographie.com\/index.php\/2024\/07\/08\/seance-photo-couple-saint-malo\/#breadcrumb"},"inLanguage":"fr-FR","potentialAction":[{"@type":"ReadAction","target":["https:\/\/semelesoleil-photographie.com\/index.php\/2024\/07\/08\/seance-photo-couple-saint-malo\/"]}]},{"@type":"ImageObject","inLanguage":"fr-FR","@id":"https:\/\/semelesoleil-photographie.com\/index.php\/2024\/07\/08\/seance-photo-couple-saint-malo\/#primaryimage","url":"https:\/\/semelesoleil-photographie.com\/wp-content\/uploads\/2024\/07\/DSC_0868-scaled.jpg","contentUrl":"https:\/\/semelesoleil-photographie.com\/wp-content\/uploads\/2024\/07\/DSC_0868-scaled.jpg","width":2560,"height":1707},{"@type":"BreadcrumbList","@id":"https:\/\/semelesoleil-photographie.com\/index.php\/2024\/07\/08\/seance-photo-couple-saint-malo\/#breadcrumb","itemListElement":[{"@type":"ListItem","position":1,"name":"Accueil","item":"https:\/\/semelesoleil-photographie.com\/"},{"@type":"ListItem","position":2,"name":"S\u00e9ance photo d&rsquo;un couple sur Saint-Malo"}]},{"@type":"WebSite","@id":"https:\/\/semelesoleil-photographie.com\/#website","url":"https:\/\/semelesoleil-photographie.com\/","name":"S\u00e8me le Soleil","description":"photographie","publisher":{"@id":"https:\/\/semelesoleil-photographie.com\/#organization"},"potentialAction":[{"@type":"SearchAction","target":{"@type":"EntryPoint","urlTemplate":"https:\/\/semelesoleil-photographie.com\/?s={search_term_string}"},"query-input":{"@type":"PropertyValueSpecification","valueRequired":true,"valueName":"search_term_string"}}],"inLanguage":"fr-FR"},{"@type":"Organization","@id":"https:\/\/semelesoleil-photographie.com\/#organization","name":"S\u00e8me le Soleil","url":"https:\/\/semelesoleil-photographie.com\/","logo":{"@type":"ImageObject","inLanguage":"fr-FR","@id":"https:\/\/semelesoleil-photographie.com\/#\/schema\/logo\/image\/","url":"https:\/\/semelesoleil-photographie.com\/wp-content\/uploads\/2026\/01\/tampon-filigrane-seme-le-soleil-1.png","contentUrl":"https:\/\/semelesoleil-photographie.com\/wp-content\/uploads\/2026\/01\/tampon-filigrane-seme-le-soleil-1.png","width":768,"height":768,"caption":"S\u00e8me le Soleil"},"image":{"@id":"https:\/\/semelesoleil-photographie.com\/#\/schema\/logo\/image\/"}},{"@type":"Person","@id":"https:\/\/semelesoleil-photographie.com\/#\/schema\/person\/ac63ce4605869b46eab95a216e94a11c","name":"Barbara - S\u00e8me le Soleil photographie Saint-Malo","image":{"@type":"ImageObject","inLanguage":"fr-FR","@id":"https:\/\/secure.gravatar.com\/avatar\/0517073bf7acb5d43e7f31679fc55f8f617f9c20a6e1ab8097c664e64d3550c5?s=96&d=mm&r=g","url":"https:\/\/secure.gravatar.com\/avatar\/0517073bf7acb5d43e7f31679fc55f8f617f9c20a6e1ab8097c664e64d3550c5?s=96&d=mm&r=g","contentUrl":"https:\/\/secure.gravatar.com\/avatar\/0517073bf7acb5d43e7f31679fc55f8f617f9c20a6e1ab8097c664e64d3550c5?s=96&d=mm&r=g","caption":"Barbara - S\u00e8me le Soleil photographie Saint-Malo"},"sameAs":["https:\/\/semelesoleil-photographie.com"],"url":"https:\/\/semelesoleil-photographie.com\/index.php\/author\/admin1781\/"}]}},"jetpack_featured_media_url":"https:\/\/semelesoleil-photographie.com\/wp-content\/uploads\/2024\/07\/DSC_0868-scaled.jpg","_links":{"self":[{"href":"https:\/\/semelesoleil-photographie.com\/index.php\/wp-json\/wp\/v2\/posts\/467","targetHints":{"allow":["GET"]}}],"collection":[{"href":"https:\/\/semelesoleil-photographie.com\/index.php\/wp-json\/wp\/v2\/posts"}],"about":[{"href":"https:\/\/semelesoleil-photographie.com\/index.php\/wp-json\/wp\/v2\/types\/post"}],"author":[{"embeddable":true,"href":"https:\/\/semelesoleil-photographie.com\/index.php\/wp-json\/wp\/v2\/users\/1"}],"replies":[{"embeddable":true,"href":"https:\/\/semelesoleil-photographie.com\/index.php\/wp-json\/wp\/v2\/comments?post=467"}],"version-history":[{"count":7,"href":"https:\/\/semelesoleil-photographie.com\/index.php\/wp-json\/wp\/v2\/posts\/467\/revisions"}],"predecessor-version":[{"id":536,"href":"https:\/\/semelesoleil-photographie.com\/index.php\/wp-json\/wp\/v2\/posts\/467\/revisions\/536"}],"wp:featuredmedia":[{"embeddable":true,"href":"https:\/\/semelesoleil-photographie.com\/index.php\/wp-json\/wp\/v2\/media\/473"}],"wp:attachment":[{"href":"https:\/\/semelesoleil-photographie.com\/index.php\/wp-json\/wp\/v2\/media?parent=467"}],"wp:term":[{"taxonomy":"category","embeddable":true,"href":"https:\/\/semelesoleil-photographie.com\/index.php\/wp-json\/wp\/v2\/categories?post=467"},{"taxonomy":"post_tag","embeddable":true,"href":"https:\/\/semelesoleil-photographie.com\/index.php\/wp-json\/wp\/v2\/tags?post=467"}],"curies":[{"name":"wp","href":"https:\/\/api.w.org\/{rel}","templated":true}]}}